{"id":1256,"date":"2026-03-26T18:55:11","date_gmt":"2026-03-26T18:55:11","guid":{"rendered":"https:\/\/elmensajeromx.com\/?p=1256"},"modified":"2026-03-26T18:55:11","modified_gmt":"2026-03-26T18:55:11","slug":"fiscalia-de-veracruz-captura-a-presuntos-secuestradores-y-extorsionadores-que-operaban-en-veracruz-tamaulipas-y-guanajuato","status":"publish","type":"post","link":"https:\/\/elmensajeromx.com\/?p=1256","title":{"rendered":"Fiscal\u00eda de Veracruz captura a presuntos secuestradores y extorsionadores que operaban en Veracruz, Tamaulipas y Guanajuato"},"content":{"rendered":"<p><strong>Xalapa, Ver., 26 de marzo 2026.-<\/strong> Como resultado del <strong>trabajo de investigaci\u00f3n ministerial<\/strong>, la <strong>Fiscal\u00eda General del Estado<\/strong> <strong>de Veracruz<\/strong> reporta <strong>resultados contundentes<\/strong> <strong>contra los delitos de secuestro y extorsi\u00f3n<\/strong>, a trav\u00e9s de la Unidad Especializada en Combate al Secuestro y la Extorsi\u00f3n (<strong>UECS<\/strong>) en diferentes regiones de la entidad; as\u00ed como la detenci\u00f3n de un interno que fue sorprendido con un dispositivo m\u00f3vil al interior del CEFERESO de Villa Aldama.<\/p>\n<p>En una <strong>primera acci\u00f3n<\/strong> de investigaci\u00f3n, en la ciudad de <strong>Acayucan<\/strong>, la UECS logr\u00f3 judicializar el caso de <strong>Antonio Javier \u201cN\u201d<\/strong> se\u00f1alado como presunto responsable del delito de <strong>extorsi\u00f3n agravada, dentro del proceso penal 37\/2026.<\/strong><\/p>\n<p>De acuerdo con los datos integrados dentro de la correspondiente carpeta de investigaci\u00f3n, los hechos ocurrieron el pasado <strong>13 de marzo<\/strong>, cuando la v\u00edctima recibi\u00f3 mensajes de Antonio Javier \u201cN\u201d en donde presuntamente le exig\u00eda dinero a cambio de no atentar en contra de su integridad.<\/p>\n<p>Durante la audiencia de continuaci\u00f3n, el <strong>\u00f3rgano jurisdiccional<\/strong> dict\u00f3 la <strong>vinculaci\u00f3n<\/strong> a proceso y ratific\u00f3 la medida cautelar de prisi\u00f3n preventiva, adem\u00e1s estableci\u00f3 el plazo para el desarrollo de la investigaci\u00f3n complementaria.<\/p>\n<p>En una acci\u00f3n distinta, en la <strong>misma ciudad<\/strong>, un juez de control decret\u00f3 como <strong>legal la detenci\u00f3n de Rosendo \u201cN\u201d, Tom\u00e1s \u201cN\u201d y Rosa Araminta \u201cN\u201d<\/strong> por su presunta responsabilidad en el delito de <strong>extorsi\u00f3n agravada<\/strong>, por lo que el fiscal especializado formul\u00f3 la <strong>imputaci\u00f3n<\/strong> ante el \u00f3rgano jurisdiccional.<\/p>\n<p>Los hechos por los que se le investigan a los ahora imputados, ocurrieron el <strong>14 de marzo <\/strong>del presente a\u00f1o, cuando presuntamente exigieron a la v\u00edctima una cantidad econ\u00f3mica bajo el concepto de cobro de piso, y posteriormente la amenazaron de que, en caso que no se realizara dicho pago, causar\u00edan da\u00f1o a sus familiares.<\/p>\n<p>Durante la audiencia inicial, la autoridad jurisdiccional impuso como medida cautelar la <strong>prisi\u00f3n preventiva oficiosa<\/strong>, quedando asentado en el <strong>proceso penal 42\/2026.<\/strong><\/p>\n<p>En cuanto a <strong>detenciones<\/strong>, la UECS comunic\u00f3 sobre el cumplimiento de <strong>tres \u00f3rdenes de aprehensi\u00f3n otorgadas por un juez,<\/strong> la primera se ejecut\u00f3 en el Estado de <strong>Tamaulipas<\/strong>, mediante una colaboraci\u00f3n con autoridades de aquella entidad, en contra de <strong>Felipe \u201cN\u201d<\/strong> por su presunta participaci\u00f3n en el delito de <strong>secuestro agravado<\/strong>.<\/p>\n<p>Los hechos por los cuales se les investiga acontecieron el <strong>27 de abril del 2015<\/strong>, cuando presuntamente particip\u00f3 en la privaci\u00f3n de la libertad de una persona en la colonia Obrera del municipio de <strong>Coatzintla<\/strong>, por lo que el <strong>Juez del Juzgado Primero de Primera Instancia con sede en Poza Rica<\/strong> <strong>otorg\u00f3 el respectivo mandamiento judicial.<\/strong><\/p>\n<p>La segunda captura tuvo lugar en el estado de <strong>Guanajuato<\/strong>, en contra de <strong>Sara\u00ed \u201cN\u201d,<\/strong> por su presunta responsabilidad en el delito de <strong>extorsi\u00f3n agravada<\/strong>. De acuerdo a las indagaciones ministeriales, los hechos acontecieron el <strong>18 de marzo del 2026<\/strong> en la localidad Corral Nuevo, perteneciente al municipio de <strong>Acayucan<\/strong>, cuando presuntamente particip\u00f3 en la exigencia de una cantidad econ\u00f3mica en contra de la v\u00edctima a cambio de no causarle da\u00f1o a ella y a su familia; en este caso la <strong>orden judicial<\/strong> fue otorgada por un <strong>Juez del Juzgado Primero de Primera Instancia de Proceso y Procedimiento Penal Oral con sede en Acayucan<\/strong>.<\/p>\n<p>Cabe se\u00f1alar que, <strong>ambas detenciones fueron en apego a sus derechos humanos y al debido proceso<\/strong>, en donde ambas personas fueron puestas a disposici\u00f3n de la <strong>autoridad judicial<\/strong> quien resolver\u00e1 su situaci\u00f3n jur\u00eddica en pr\u00f3xima audiencia inicial.<\/p>\n<p>Finalmente, en una acci\u00f3n distinta, en <strong>Jalacingo<\/strong>, un juez de control decret\u00f3 como legal la detenci\u00f3n de <strong>\u00d3scar \u201cN\u201d<\/strong> por su presunta responsabilidad en el delito de <strong>extorsi\u00f3n<\/strong>.<\/p>\n<p>Posteriormente, el Fiscal especializado formul\u00f3 su imputaci\u00f3n, por hechos ocurridos el <strong>2 marzo<\/strong> del presente a\u00f1o, cuando al estar en calidad de interno dentro del <strong>Centro Federal de Reinserci\u00f3n Social en Villa Aldama<\/strong>, fue sorprendido en presunta posesi\u00f3n de un dispositivo m\u00f3vil, motivo por el cual fue puesto a disposici\u00f3n del \u00f3rgano jurisdiccional para que determine su situaci\u00f3n jur\u00eddica en pr\u00f3xima audiencia inicial.<\/p>\n<p>Con estas acciones, la Fiscal\u00eda General del Estado refrenda su compromiso de <strong>combatir frontalmente la extorsi\u00f3n y garantizar la seguridad y tranquilidad de la ciudadan\u00eda veracruzana.<\/strong><\/p>\n<p>&nbsp;<\/p>\n","protected":false},"excerpt":{"rendered":"<p>Xalapa, Ver., 26 de marzo 2026.- Como resultado del trabajo de investigaci\u00f3n ministerial, la Fiscal\u00eda General del Estado de Veracruz reporta resultados contundentes contra los delitos de secuestro y extorsi\u00f3n, a trav\u00e9s de la Unidad Especializada en Combate al Secuestro y la Extorsi\u00f3n (UECS) en diferentes regiones de la entidad; as\u00ed como la detenci\u00f3n de [&hellip;]<\/p>\n","protected":false},"author":3,"featured_media":1257,"comment_status":"open","ping_status":"open","sticky":false,"template":"","format":"standard","meta":{"footnotes":""},"categories":[3],"tags":[],"class_list":{"0":"post-1256","1":"post","2":"type-post","3":"status-publish","4":"format-standard","5":"has-post-thumbnail","7":"category-principal"},"_links":{"self":[{"href":"https:\/\/elmensajeromx.com\/index.php?rest_route=\/wp\/v2\/posts\/1256","targetHints":{"allow":["GET"]}}],"collection":[{"href":"https:\/\/elmensajeromx.com\/index.php?rest_route=\/wp\/v2\/posts"}],"about":[{"href":"https:\/\/elmensajeromx.com\/index.php?rest_route=\/wp\/v2\/types\/post"}],"author":[{"embeddable":true,"href":"https:\/\/elmensajeromx.com\/index.php?rest_route=\/wp\/v2\/users\/3"}],"replies":[{"embeddable":true,"href":"https:\/\/elmensajeromx.com\/index.php?rest_route=%2Fwp%2Fv2%2Fcomments&post=1256"}],"version-history":[{"count":1,"href":"https:\/\/elmensajeromx.com\/index.php?rest_route=\/wp\/v2\/posts\/1256\/revisions"}],"predecessor-version":[{"id":1258,"href":"https:\/\/elmensajeromx.com\/index.php?rest_route=\/wp\/v2\/posts\/1256\/revisions\/1258"}],"wp:featuredmedia":[{"embeddable":true,"href":"https:\/\/elmensajeromx.com\/index.php?rest_route=\/wp\/v2\/media\/1257"}],"wp:attachment":[{"href":"https:\/\/elmensajeromx.com\/index.php?rest_route=%2Fwp%2Fv2%2Fmedia&parent=1256"}],"wp:term":[{"taxonomy":"category","embeddable":true,"href":"https:\/\/elmensajeromx.com\/index.php?rest_route=%2Fwp%2Fv2%2Fcategories&post=1256"},{"taxonomy":"post_tag","embeddable":true,"href":"https:\/\/elmensajeromx.com\/index.php?rest_route=%2Fwp%2Fv2%2Ftags&post=1256"}],"curies":[{"name":"wp","href":"https:\/\/api.w.org\/{rel}","templated":true}]}}