{"id":1253,"date":"2026-03-26T17:27:55","date_gmt":"2026-03-26T17:27:55","guid":{"rendered":"https:\/\/elmensajeromx.com\/?p=1253"},"modified":"2026-03-26T17:27:55","modified_gmt":"2026-03-26T17:27:55","slug":"sheinbaum-senala-temor-de-partidos-por-revocacion-de-mandato-en-elecciones-de-2027","status":"publish","type":"post","link":"https:\/\/elmensajeromx.com\/?p=1253","title":{"rendered":"Sheinbaum se\u00f1ala \u201ctemor\u201d de partidos por revocaci\u00f3n de mandato en elecciones de 2027"},"content":{"rendered":"<p data-start=\"2508\" data-end=\"2747\">Ciudad de M\u00e9xico.\u2013 La presidenta <span class=\"hover:entity-accent entity-underline inline cursor-pointer align-baseline\"><span class=\"whitespace-normal\">Claudia Sheinbaum<\/span><\/span> asegur\u00f3 que el rechazo de legisladores del PT y de la oposici\u00f3n a la revocaci\u00f3n de mandato dentro del Plan B de la reforma electoral se debe a un temor de perder votos.<\/p>\n<p data-start=\"2749\" data-end=\"2906\">Desde Palacio Nacional, explic\u00f3 que algunos partidos consideran que incluir este mecanismo en la boleta de 2027 podr\u00eda influir en los resultados electorales.<\/p>\n<p data-start=\"2908\" data-end=\"2973\">\u201cTemen que algunos partidos tengan m\u00e1s votos que otros\u201d, coment\u00f3.<\/p>\n<p data-start=\"2975\" data-end=\"3133\">La mandataria aclar\u00f3 que la revocaci\u00f3n de mandato no est\u00e1 relacionada con las elecciones constitucionales, ya que se trata de un ejercicio ciudadano distinto.<\/p>\n<p data-start=\"3135\" data-end=\"3207\">\u201cUna cosa es la revocaci\u00f3n y otra la votaci\u00f3n constitucional\u201d, insisti\u00f3.<\/p>\n<p data-start=\"3209\" data-end=\"3324\">Sobre la postura del PT, se\u00f1al\u00f3 que podr\u00eda responder al c\u00e1lculo pol\u00edtico de una posible disminuci\u00f3n en su votaci\u00f3n.<\/p>\n<p data-start=\"3326\" data-end=\"3503\">En medio del debate, Sheinbaum afirm\u00f3 que los cambios que pueda tener la iniciativa en el Congreso no significan que el Gobierno est\u00e9 cediendo ante la presi\u00f3n de otros partidos.<\/p>\n<p data-start=\"3505\" data-end=\"3655\">Tambi\u00e9n mencion\u00f3 que existe la posibilidad de ajustar el calendario de la revocaci\u00f3n, incluso moverla a 2028, como han propuesto algunos legisladores.<\/p>\n<p data-start=\"3657\" data-end=\"3878\">Finalmente, critic\u00f3 a partidos como el <span class=\"hover:entity-accent entity-underline inline cursor-pointer align-baseline\"><span class=\"whitespace-normal\">Partido Revolucionario Institucional<\/span><\/span>, el <span class=\"hover:entity-accent entity-underline inline cursor-pointer align-baseline\"><span class=\"whitespace-normal\">Partido Acci\u00f3n Nacional<\/span><\/span> y <span class=\"hover:entity-accent entity-underline inline cursor-pointer align-baseline\"><span class=\"whitespace-normal\">Movimiento Ciudadano<\/span><\/span>, al considerar que su rechazo se basa en c\u00e1lculos electorales.<\/p>\n<p data-start=\"3880\" data-end=\"3967\">El tema sigue en an\u00e1lisis en el Congreso, donde a\u00fan no hay consenso para su aprobaci\u00f3n.<\/p>\n","protected":false},"excerpt":{"rendered":"<p>Ciudad de M\u00e9xico.\u2013 La presidenta Claudia Sheinbaum asegur\u00f3 que el rechazo de legisladores del PT y de la oposici\u00f3n a la revocaci\u00f3n de mandato dentro del Plan B de la reforma electoral se debe a un temor de perder votos. Desde Palacio Nacional, explic\u00f3 que algunos partidos consideran que incluir este mecanismo en la boleta [&hellip;]<\/p>\n","protected":false},"author":3,"featured_media":1254,"comment_status":"open","ping_status":"open","sticky":false,"template":"","format":"standard","meta":{"footnotes":""},"categories":[3],"tags":[],"class_list":{"0":"post-1253","1":"post","2":"type-post","3":"status-publish","4":"format-standard","5":"has-post-thumbnail","7":"category-principal"},"_links":{"self":[{"href":"https:\/\/elmensajeromx.com\/index.php?rest_route=\/wp\/v2\/posts\/1253","targetHints":{"allow":["GET"]}}],"collection":[{"href":"https:\/\/elmensajeromx.com\/index.php?rest_route=\/wp\/v2\/posts"}],"about":[{"href":"https:\/\/elmensajeromx.com\/index.php?rest_route=\/wp\/v2\/types\/post"}],"author":[{"embeddable":true,"href":"https:\/\/elmensajeromx.com\/index.php?rest_route=\/wp\/v2\/users\/3"}],"replies":[{"embeddable":true,"href":"https:\/\/elmensajeromx.com\/index.php?rest_route=%2Fwp%2Fv2%2Fcomments&post=1253"}],"version-history":[{"count":1,"href":"https:\/\/elmensajeromx.com\/index.php?rest_route=\/wp\/v2\/posts\/1253\/revisions"}],"predecessor-version":[{"id":1255,"href":"https:\/\/elmensajeromx.com\/index.php?rest_route=\/wp\/v2\/posts\/1253\/revisions\/1255"}],"wp:featuredmedia":[{"embeddable":true,"href":"https:\/\/elmensajeromx.com\/index.php?rest_route=\/wp\/v2\/media\/1254"}],"wp:attachment":[{"href":"https:\/\/elmensajeromx.com\/index.php?rest_route=%2Fwp%2Fv2%2Fmedia&parent=1253"}],"wp:term":[{"taxonomy":"category","embeddable":true,"href":"https:\/\/elmensajeromx.com\/index.php?rest_route=%2Fwp%2Fv2%2Fcategories&post=1253"},{"taxonomy":"post_tag","embeddable":true,"href":"https:\/\/elmensajeromx.com\/index.php?rest_route=%2Fwp%2Fv2%2Ftags&post=1253"}],"curies":[{"name":"wp","href":"https:\/\/api.w.org\/{rel}","templated":true}]}}